{"id":11428,"date":"2026-04-30T12:00:00","date_gmt":"2026-04-30T10:00:00","guid":{"rendered":"https:\/\/vitaincasa.it\/?p=11428"},"modified":"2026-04-30T09:58:14","modified_gmt":"2026-04-30T07:58:14","slug":"festa-dei-lavoratori-gli-errori-da-evitare-per-non-sprecare-un-giorno-che-puo-cambiarti-davvero","status":"publish","type":"post","link":"https:\/\/vitaincasa.it\/index.php\/2026\/04\/30\/festa-dei-lavoratori-gli-errori-da-evitare-per-non-sprecare-un-giorno-che-puo-cambiarti-davvero\/","title":{"rendered":"Festa dei Lavoratori: gli errori da evitare per non sprecare un giorno che pu\u00f2 cambiarti davvero"},"content":{"rendered":"\n<h2 class=\"wp-block-heading\"><strong>Perch\u00e9 il 1 Maggio pu\u00f2 fare la differenza (se non sbagli approccio)<\/strong><\/h2>\n\n\n\n<p>La <strong>Festa dei Lavoratori<\/strong> \u00e8 spesso vista come una semplice pausa, ma pu\u00f2 diventare un\u2019occasione preziosa per migliorare il tuo <strong>equilibrio vita lavoro<\/strong>. Il problema? Molti commettono errori che trasformano questa giornata in una perdita di tempo\u2026 o peggio, in una fonte di ulteriore stress \ud83d\ude05.<\/p>\n\n\n\n<p>Se vuoi davvero ritrovare <strong>energia mentale e fisica<\/strong>, devi evitare alcune abitudini molto comuni che sabotano il tuo benessere.<\/p>\n\n\n\n<h2 class=\"wp-block-heading\"><strong>Errore #1: riempire la giornata di impegni<\/strong><\/h2>\n\n\n\n<p>Uno degli sbagli pi\u00f9 frequenti \u00e8 trattare il 1 Maggio come un giorno da \u201crecuperare tutto\u201d. Commissioni, appuntamenti, programmi pieni\u2026 risultato? Arrivi a sera pi\u00f9 stanco di prima.<\/p>\n\n\n\n<p>Per migliorare il tuo <strong>benessere quotidiano<\/strong>, devi imparare a lasciare spazio al tempo libero reale. Non fare nulla, ogni tanto, \u00e8 produttivo \ud83d\ude0a.<\/p>\n\n\n\n<h2 class=\"wp-block-heading\"><strong>Errore #2: restare attaccato allo smartphone tutto il giorno<\/strong><\/h2>\n\n\n\n<p>Anche se non lavori, continuare a controllare email, notifiche o social mantiene la mente in modalit\u00e0 \u201cattiva\u201d. Questo impedisce un vero recupero.<\/p>\n\n\n\n<p>Il <strong>detox digitale<\/strong> \u00e8 una delle strategie pi\u00f9 semplici per ridurre lo stress. Spegnere o limitare l\u2019uso del telefono per qualche ora pu\u00f2 aiutarti a ritrovare concentrazione e calma \ud83d\udcf5.<\/p>\n\n\n\n<h2 class=\"wp-block-heading\"><strong>Errore #3: ignorare il bisogno di rallentare<\/strong><\/h2>\n\n\n\n<p>Molte persone non si concedono mai una pausa mentale. Anche nei giorni liberi, cercano sempre qualcosa da fare.<\/p>\n\n\n\n<p>Ma senza rallentare davvero, \u00e8 impossibile recuperare <strong>energia durante la giornata<\/strong>. Fermarsi non \u00e8 perdere tempo: \u00e8 ricaricare le batterie.<\/p>\n\n\n\n<h2 class=\"wp-block-heading\"><strong>Errore #4: passare tutta la giornata chiusi in casa<\/strong><\/h2>\n\n\n\n<p>Il 1 Maggio cade in un periodo perfetto per stare all\u2019aperto. Restare chiusi dentro, magari davanti alla TV, significa perdere un\u2019opportunit\u00e0 importante.<\/p>\n\n\n\n<p>La luce naturale e il contatto con l\u2019esterno migliorano il <strong>benessere psicofisico<\/strong> e aiutano a ridurre stress e tensione \u2600\ufe0f.<\/p>\n\n\n\n<h2 class=\"wp-block-heading\"><strong>Errore #5: mangiare male e appesantirsi<\/strong><\/h2>\n\n\n\n<p>Spesso i giorni di festa diventano sinonimo di eccessi. Cibo pesante e disordinato pu\u00f2 per\u00f2 ridurre energia e lucidit\u00e0.<\/p>\n\n\n\n<p>Per mantenere un buon livello di <strong>energia mentale<\/strong>, \u00e8 meglio scegliere pasti pi\u00f9 leggeri e bilanciati, senza rinunciare al gusto \ud83c\udf7d\ufe0f.<\/p>\n\n\n\n<h2 class=\"wp-block-heading\"><strong>Errore #6: non riflettere sulla propria routine<\/strong><\/h2>\n\n\n\n<p>Il vero valore della <strong>Festa dei Lavoratori<\/strong> \u00e8 fermarsi a pensare. Se passi la giornata senza mai riflettere su come vivi, perdi un\u2019occasione importante.<\/p>\n\n\n\n<p>Chiediti:<\/p>\n\n\n\n<ul class=\"wp-block-list\">\n<li>Sto vivendo in modo equilibrato?<\/li>\n\n\n\n<li>Il lavoro occupa troppo spazio nella mia vita?<\/li>\n\n\n\n<li>Cosa posso migliorare da subito?<\/li>\n<\/ul>\n\n\n\n<p>Queste domande sono il primo passo verso un migliore <strong>work life balance<\/strong>.<\/p>\n\n\n\n<h2 class=\"wp-block-heading\"><strong>Errore #7: pensare che un giorno non faccia la differenza<\/strong><\/h2>\n\n\n\n<p>Molti sottovalutano l\u2019impatto di una singola giornata. Ma \u00e8 proprio nei piccoli momenti che nascono i cambiamenti pi\u00f9 grandi.<\/p>\n\n\n\n<p>Usare bene il 1 Maggio pu\u00f2 aiutarti a impostare nuove abitudini e migliorare la tua <strong>qualit\u00e0 della vita<\/strong> nel tempo \ud83c\udf3f.<\/p>\n\n\n\n<h2 class=\"wp-block-heading\"><strong>Come evitare questi errori e ripartire davvero<\/strong><\/h2>\n\n\n\n<p>Non serve rivoluzionare tutto. Basta cambiare approccio:<\/p>\n\n\n\n<ul class=\"wp-block-list\">\n<li>Riduci gli impegni inutili<\/li>\n\n\n\n<li>Stacca dalla tecnologia<\/li>\n\n\n\n<li>Concediti tempo di qualit\u00e0<\/li>\n\n\n\n<li>Esci e respira aria fresca<\/li>\n\n\n\n<li>Rifletti su cosa vuoi migliorare<\/li>\n<\/ul>\n\n\n\n<p>Anche piccoli cambiamenti possono portare a grandi risultati nel tuo <strong>benessere quotidiano<\/strong>.<\/p>\n\n\n\n<h2 class=\"wp-block-heading\"><strong>Un giorno sprecato o un nuovo inizio?<\/strong><\/h2>\n\n\n\n<p>La <strong>Festa dei Lavoratori<\/strong> pu\u00f2 essere solo una pausa\u2026 oppure l\u2019inizio di qualcosa di meglio. Evitare questi errori significa trasformare una giornata qualsiasi in un\u2019opportunit\u00e0 concreta per ritrovare <strong>energia ed equilibrio<\/strong>.<\/p>\n\n\n\n<p>Non si tratta di fare di pi\u00f9, ma di fare meglio. E a volte, tutto parte da una scelta semplice: usare davvero il tuo tempo nel modo giusto \ud83d\udca1.<\/p>\n","protected":false},"excerpt":{"rendered":"<p>Perch\u00e9 il 1 Maggio pu\u00f2 fare la differenza (se non sbagli approccio) La Festa dei Lavoratori \u00e8 spesso vista come una semplice pausa, ma pu\u00f2 diventare un\u2019occasione preziosa per migliorare il tuo equilibrio vita lavoro. Il problema? Molti commettono errori che trasformano questa giornata in una perdita di tempo\u2026 o peggio, in una fonte di<\/p>\n","protected":false},"author":5,"featured_media":11451,"comment_status":"open","ping_status":"open","sticky":false,"template":"","format":"standard","meta":{"footnotes":""},"categories":[28],"tags":[10455,10443,10452,10450,10441,10449,10451,10448,10453,10454],"class_list":{"0":"post-11428","1":"post","2":"type-post","3":"status-publish","4":"format-standard","5":"has-post-thumbnail","7":"category-stile-di-vita-e-benessere","8":"tag-abitudini-benessere-casa","9":"tag-benessere-quotidiano-casa","10":"tag-come-rilassarsi-davvero","11":"tag-detox-digitale-consigli","12":"tag-energia-mentale-e-fisica","13":"tag-equilibrio-vita-lavoro-errori","14":"tag-errori-festa-dei-lavoratori","15":"tag-migliorare-qualita-della-vita","16":"tag-ridurre-stress-1-maggio","17":"tag-work-life-balance-errori"},"_links":{"self":[{"href":"https:\/\/vitaincasa.it\/index.php\/wp-json\/wp\/v2\/posts\/11428","targetHints":{"allow":["GET"]}}],"collection":[{"href":"https:\/\/vitaincasa.it\/index.php\/wp-json\/wp\/v2\/posts"}],"about":[{"href":"https:\/\/vitaincasa.it\/index.php\/wp-json\/wp\/v2\/types\/post"}],"author":[{"embeddable":true,"href":"https:\/\/vitaincasa.it\/index.php\/wp-json\/wp\/v2\/users\/5"}],"replies":[{"embeddable":true,"href":"https:\/\/vitaincasa.it\/index.php\/wp-json\/wp\/v2\/comments?post=11428"}],"version-history":[{"count":5,"href":"https:\/\/vitaincasa.it\/index.php\/wp-json\/wp\/v2\/posts\/11428\/revisions"}],"predecessor-version":[{"id":11455,"href":"https:\/\/vitaincasa.it\/index.php\/wp-json\/wp\/v2\/posts\/11428\/revisions\/11455"}],"wp:featuredmedia":[{"embeddable":true,"href":"https:\/\/vitaincasa.it\/index.php\/wp-json\/wp\/v2\/media\/11451"}],"wp:attachment":[{"href":"https:\/\/vitaincasa.it\/index.php\/wp-json\/wp\/v2\/media?parent=11428"}],"wp:term":[{"taxonomy":"category","embeddable":true,"href":"https:\/\/vitaincasa.it\/index.php\/wp-json\/wp\/v2\/categories?post=11428"},{"taxonomy":"post_tag","embeddable":true,"href":"https:\/\/vitaincasa.it\/index.php\/wp-json\/wp\/v2\/tags?post=11428"}],"curies":[{"name":"wp","href":"https:\/\/api.w.org\/{rel}","templated":true}]}}